[{"@context":"https:\/\/schema.org\/","@type":"Article","@id":"https:\/\/www.castoral.cz\/uskladneni-veci-nemusi-byt-problem-diky-pronajmu-prostoru\/#Article","mainEntityOfPage":"https:\/\/www.castoral.cz\/uskladneni-veci-nemusi-byt-problem-diky-pronajmu-prostoru\/","headline":"Uskladn\u011bn\u00ed v\u011bc\u00ed nemus\u00ed b\u00fdt probl\u00e9m d\u00edky pron\u00e1jmu prostoru","name":"Uskladn\u011bn\u00ed v\u011bc\u00ed nemus\u00ed b\u00fdt probl\u00e9m d\u00edky pron\u00e1jmu prostoru","description":"V \u017eivot\u011b jsou situace, p\u0159i kter\u00fdch je zapot\u0159eb\u00ed v\u00edce prostoru pro mal\u00e9 i velk\u00e9 v\u011bci. N\u011bkdy n\u00e1\u0161 b\u00fdt nebo d\u016fm a prostory v n\u011bm nemus\u00ed sta\u010dit. A pokud se st\u011bhujeme, pl\u00e1nujeme rekonstrukci nebo n\u011bjak\u00e9 v\u011bt\u0161\u00ed zm\u011bny v interi\u00e9ru, je zapot\u0159eb\u00ed vyklidit n\u00e1bytek a celkov\u011b v\u0161echny v\u011bci z m\u00edstnost\u00ed. Tady u\u017e mus\u00edme pop\u0159em\u00fd\u0161let, jak velk\u00fd m\u00e1me...","datePublished":"2023-04-29","dateModified":"2023-05-31","author":{"@type":"Person","@id":"https:\/\/www.castoral.cz\/author\/devene\/#Person","name":"devene","url":"https:\/\/www.castoral.cz\/author\/devene\/","identifier":1,"image":{"@type":"ImageObject","@id":"https:\/\/secure.gravatar.com\/avatar\/42264ea8f5170010011c6bbf811aa6c31c20ad3acf2a9bd21dca0746ea8c832a?s=96&d=mm&r=g","url":"https:\/\/secure.gravatar.com\/avatar\/42264ea8f5170010011c6bbf811aa6c31c20ad3acf2a9bd21dca0746ea8c832a?s=96&d=mm&r=g","height":96,"width":96}},"publisher":{"@type":"Organization","name":"castoral.cz","logo":{"@type":"ImageObject","@id":"\/logo.png","url":"\/logo.png","width":600,"height":60}},"image":{"@type":"ImageObject","@id":"https:\/\/www.castoral.cz\/wp-content\/uploads\/pexels-photo-4506243.jpeg","url":"https:\/\/www.castoral.cz\/wp-content\/uploads\/pexels-photo-4506243.jpeg","height":0,"width":0},"url":"https:\/\/www.castoral.cz\/uskladneni-veci-nemusi-byt-problem-diky-pronajmu-prostoru\/","about":["Podnik\u00e1n\u00ed"],"wordCount":413,"articleBody":"   V \u017eivot\u011b jsou situace, p\u0159i kter\u00fdch je zapot\u0159eb\u00ed v\u00edce prostoru pro mal\u00e9 i velk\u00e9 v\u011bci. N\u011bkdy n\u00e1\u0161 b\u00fdt nebo d\u016fm a prostory v n\u011bm nemus\u00ed sta\u010dit. A pokud se st\u011bhujeme, pl\u00e1nujeme rekonstrukci nebo n\u011bjak\u00e9 v\u011bt\u0161\u00ed zm\u011bny v interi\u00e9ru, je zapot\u0159eb\u00ed vyklidit n\u00e1bytek a celkov\u011b v\u0161echny v\u011bci z m\u00edstnost\u00ed. Tady u\u017e mus\u00edme pop\u0159em\u00fd\u0161let, jak velk\u00fd m\u00e1me sklep a pokud dojdeme k z\u00e1v\u011bru, \u017ee mal\u00fd, za\u010dneme se rozhl\u00ed\u017eet po vhodn\u00e9m prostoru pro na\u0161e pot\u0159eby. N\u011bkdo m\u00e1 mo\u017enost v\u011bci p\u0159ev\u00e9st ke zn\u00e1m\u00fdm nebo t\u0159eba soused nab\u00eddne pomoci. Ale co kdy\u017e nikoho takov\u00e9ho nem\u00e1me? Nevad\u00ed, nezoufejte! Skladovac\u00ed kontejnery jsou ty prav\u00e9 pro V\u00e1s! Pom\u016f\u017eou V\u00e1m vy\u0159e\u0161it V\u00e1\u0161 probl\u00e9m. Poj\u010fme si shrnout v\u0161echny v\u00fdhody t\u011bchto prostor\u016f. Pokud vyu\u017eijete skladovac\u00ed prostory v Praze. M\u00e1me pro V\u00e1s tip na konkr\u00e9tn\u00ed firmu, kter\u00e1 se specializuje na pron\u00e1jem lodn\u00edch kontejner\u016f. To znamen\u00e1, \u017ee v nich m\u016f\u017eete m\u00edt naprosto cokoliv. Nemus\u00edte \u0159e\u0161it materi\u00e1l a ani jin\u00e9 parametry. Jejich kontejnery jsou navr\u017eeny tak, aby byly Va\u0161e v\u011bci po dobu uskladn\u011bn\u00ed v naprost\u00e9m bezpe\u010d\u00ed. \u017d\u00e1dn\u00e1 vlhkost ani \u017e\u00e1dn\u00e9 po\u0161kozen\u00ed z vn\u011bj\u0161\u00edch vliv\u016f nehroz\u00ed. Daj\u00ed se pe\u010dliv\u011b uzamknout a v\u0161echny kontejnery jsou v zabezpe\u010den\u00e9m are\u00e1lu. P\u0159i pron\u00e1jmu obdr\u017e\u00edte sv\u016fj vlastn\u00ed kl\u00ed\u010d a do skladu budete m\u00edt neomezen\u00fd p\u0159\u00edstup. Tak\u017ee kdykoliv si vzpomenete, m\u00e1te sv\u00e9 uskladn\u011bn\u00e9 v\u011bci k dispozici. Vyu\u017e\u00edvat lze kr\u00e1tkodob\u011b nebo dlouhodob\u011b. Z\u00e1le\u017e\u00ed, zda pot\u0159ebujete jednor\u00e1zovou v\u00fdpomoc nebo podnik\u00e1te jako prodejce a m\u00e1te spoustu prodejn\u00edho zbo\u017e\u00ed? I na tohle lze kontejnery vyu\u017e\u00edt. Cenu a v\u0161e pot\u0159ebn\u00e9, co chcete v\u011bd\u011bt naleznete na jejich webov\u00fdch str\u00e1nk\u00e1ch. Jmenuj\u00ed se OTP sklady. Recenze maj\u00ed opravdu kladn\u00e9. Jejich z\u00e1kazn\u00edci b\u00fdvaj\u00ed velice spokojen\u00ed. R\u00e1di se k nim vrac\u00ed v p\u0159\u00edpad\u011b vlastn\u00edch pot\u0159eb. Jsou r\u00e1di, \u017ee maj\u00ed osv\u011bd\u010denou spole\u010dnost, kter\u00e1 funguje bezchybn\u011b a p\u0159esn\u011b tak, jak jim vyhovuje a jak pot\u0159ebuj\u00ed. A co vy, je pro V\u00e1s jasnou volbou pron\u00e1jem kontejner\u016f?                                                                                                                                                                                                                                                                                                                                                                                           3.6\/5 - (11 votes)        "},{"@context":"https:\/\/schema.org\/","@type":"BreadcrumbList","itemListElement":[{"@type":"ListItem","position":1,"name":"Uskladn\u011bn\u00ed v\u011bc\u00ed nemus\u00ed b\u00fdt probl\u00e9m d\u00edky pron\u00e1jmu prostoru","item":"https:\/\/www.castoral.cz\/uskladneni-veci-nemusi-byt-problem-diky-pronajmu-prostoru\/#breadcrumbitem"}]}]