[{"@context":"https:\/\/schema.org\/","@type":"Article","@id":"https:\/\/www.castoral.cz\/moje-teple-pradlo\/#Article","mainEntityOfPage":"https:\/\/www.castoral.cz\/moje-teple-pradlo\/","headline":"Moje tepl\u00e9 pr\u00e1dlo","name":"Moje tepl\u00e9 pr\u00e1dlo","description":"Je opravdu skv\u011bl\u00e9, \u017ee existuj\u00ed r\u016fzn\u00e9 typy oble\u010den\u00ed a pr\u00e1del, jako nap\u0159\u00edklad termopradlo devold. A pokud nev\u00edte, na co se pou\u017e\u00edv\u00e1 termopradlo devold, tak se zkuste pod\u00edvat na webov\u00e9 str\u00e1nky c-store.cz, kde objev\u00edte opravdu mnoho typ\u016f a druh\u016f, kde je opravdu kvalitn\u00edho oble\u010den\u00ed devold. Toto oble\u010den\u00ed je termopr\u00e1dlo a je opravdu se hojn\u011b vyu\u017e\u00edvan\u00e9. A...","datePublished":"2023-06-26","dateModified":"2023-07-26","author":{"@type":"Person","@id":"https:\/\/www.castoral.cz\/author\/devene\/#Person","name":"devene","url":"https:\/\/www.castoral.cz\/author\/devene\/","identifier":1,"image":{"@type":"ImageObject","@id":"https:\/\/secure.gravatar.com\/avatar\/42264ea8f5170010011c6bbf811aa6c31c20ad3acf2a9bd21dca0746ea8c832a?s=96&d=mm&r=g","url":"https:\/\/secure.gravatar.com\/avatar\/42264ea8f5170010011c6bbf811aa6c31c20ad3acf2a9bd21dca0746ea8c832a?s=96&d=mm&r=g","height":96,"width":96}},"publisher":{"@type":"Organization","name":"castoral.cz","logo":{"@type":"ImageObject","@id":"\/logo.png","url":"\/logo.png","width":600,"height":60}},"image":{"@type":"ImageObject","@id":"https:\/\/www.castoral.cz\/wp-content\/uploads\/portrait-3502063_1280.jpg","url":"https:\/\/www.castoral.cz\/wp-content\/uploads\/portrait-3502063_1280.jpg","height":0,"width":0},"url":"https:\/\/www.castoral.cz\/moje-teple-pradlo\/","about":["V\u00fdrobky"],"wordCount":411,"articleBody":"   Je opravdu skv\u011bl\u00e9, \u017ee existuj\u00ed r\u016fzn\u00e9 typy oble\u010den\u00ed a pr\u00e1del, jako nap\u0159\u00edklad termopradlo devold. A pokud nev\u00edte, na co se pou\u017e\u00edv\u00e1 termopradlo devold, tak se zkuste pod\u00edvat na webov\u00e9 str\u00e1nky c-store.cz, kde objev\u00edte opravdu mnoho typ\u016f a druh\u016f, kde je opravdu kvalitn\u00edho oble\u010den\u00ed devold. Toto oble\u010den\u00ed je termopr\u00e1dlo a je opravdu se hojn\u011b vyu\u017e\u00edvan\u00e9. A tak\u00e9 se mi na termopr\u00e1dlu devold l\u00edb\u00ed fakt, \u017ee je to modern\u00ed a m\u00e1 opravdu na vysokou kvalitu zpracov\u00e1n\u00ed. M\u00e1 vysokou kvalitu slo\u017een\u00ed a mysl\u00edm si, \u017ee lep\u0161\u00ed termopr\u00e1dlo bych opravdu hledala velice t\u011b\u017eko. A jsem r\u00e1da, \u017ee mi pr\u00e1v\u011b kamar\u00e1dka tuto webovou str\u00e1nku doporu\u010dila, proto\u017ee tady na t\u00e9to webov\u00e9 str\u00e1nce maj\u00ed opravdu perfektn\u00ed oble\u010den\u00ed, kter\u00e9 se t\u00fdk\u00e1 pr\u00e1v\u011b termopr\u00e1dla. Pokud i vy m\u00e1te z\u00e1jem o termopradlo devold, tak samoz\u0159ejm\u011b nev\u00e1hejte, proto\u017ee toto termopr\u00e1dlopr\u00e1dlo devold je velice \u010dasto vyprodan\u00e9. Nav\u00edc toto pr\u00e1dlo skv\u011ble sed\u00ed a d\u011bl\u00e1 tak\u00e9 p\u011bknou postavu. V pr\u00e1dle se pr\u00e1v\u011b absolutn\u011b nepot\u00edte. Toto pr\u00e1dlo je i kr\u00e1sn\u011b prody\u0161n\u00e9 a velmi p\u0159\u00edjemn\u00e9 na dotek. A p\u0159\u00edjemn\u011b se nos\u00ed. A nav\u00edc termopradlo devold pou\u017e\u00edv\u00e1m na to, kdy\u017e v zim\u011b sportuji. Proot\u017ee jsem v\u00e1\u0161niv\u00e1 ly\u017ea\u0159ka a tak\u00e9 moc r\u00e1da b\u011bh\u00e1m a miluji atletiku. Tak\u017ee pokud b\u011bh\u00e1m anebo ly\u017euji, tak u m\u011b je termopradlo devold je opravdu nutnosti a bez n\u011bj bych se v zim\u011b neobe\u0161la.Proto jsem r\u00e1da, \u017ee i m\u016fj p\u0159\u00edtel, kter\u00fd miluje b\u011bh\u00e1n\u00ed, tak si tak\u00e9 po\u0159\u00eddil termopradlo devold. A v\u00edm, \u017ee kdybychom to termopr\u00e1dlo v\u016fbec nem\u011bli, tak bychom byli s p\u0159\u00edtelem st\u00e1le nemocn\u00ed, proto\u017ee na\u0161eho b\u011bh\u00e1n\u00ed v zim\u011b nebo ly\u017eov\u00e1n\u00ed by jsme se opravdu ani jeden necht\u011bli v\u016fbec zd\u00e1t. Douf\u00e1m \u017ee jednoho dne i na\u0161e d\u011bti budou tak\u00e9 s n\u00e1mi b\u011bhat. Nebojte se, pr\u00e1dlo je kr\u00e1sn\u00e9 a kvalitn\u00ed a je tak\u00e9 ov\u011b\u0159en\u00e9 v\u0161emi sportovci. A termopr\u00e1dlo devold je kvalitou na vysok\u00e9 \u00farovni a cena tomu odpov\u00edd\u00e1. A termopr\u00e1dlo devold si obl\u00edbil i p\u0159\u00edtel a bratr.                                                                                                                                                                                                                                                                                                                                                                                          4.3\/5 - (11 votes)        "},{"@context":"https:\/\/schema.org\/","@type":"BreadcrumbList","itemListElement":[{"@type":"ListItem","position":1,"name":"Moje tepl\u00e9 pr\u00e1dlo","item":"https:\/\/www.castoral.cz\/moje-teple-pradlo\/#breadcrumbitem"}]}]