[{"@context":"https:\/\/schema.org\/","@type":"Article","@id":"https:\/\/www.castoral.cz\/k-mori-za-dostupnou-cenu\/#Article","mainEntityOfPage":"https:\/\/www.castoral.cz\/k-mori-za-dostupnou-cenu\/","headline":"K mo\u0159i za dostupnou cenu","name":"K mo\u0159i za dostupnou cenu","description":"Co si budeme pov\u00eddat. Navzdory faktu, \u017ee dnes jsou otev\u0159en\u00e9 hranice a lid\u00e9 mohou cestovat kam a kdy cht\u011bj\u00ed, \u0159ada lid\u00ed t\u00e9to mo\u017enosti p\u0159\u00edli\u0161 nevyu\u017e\u00edv\u00e1. V neposledn\u00ed \u0159ad\u011b je to i kv\u016fli n\u00e1klad\u016fm, kter\u00e9 s takov\u00fdm cestov\u00e1n\u00edm jsou nutn\u011b spojen\u00e9. Proto je i dnes cel\u00e1 \u0159ada d\u011bt\u00ed, kter\u00e9 je\u0161t\u011b nebyly u mo\u0159e, p\u0159itom jim je...","datePublished":"2025-03-10","dateModified":"2025-03-10","author":{"@type":"Person","@id":"https:\/\/www.castoral.cz\/author\/devene\/#Person","name":"devene","url":"https:\/\/www.castoral.cz\/author\/devene\/","identifier":1,"image":{"@type":"ImageObject","@id":"https:\/\/secure.gravatar.com\/avatar\/42264ea8f5170010011c6bbf811aa6c31c20ad3acf2a9bd21dca0746ea8c832a?s=96&d=mm&r=g","url":"https:\/\/secure.gravatar.com\/avatar\/42264ea8f5170010011c6bbf811aa6c31c20ad3acf2a9bd21dca0746ea8c832a?s=96&d=mm&r=g","height":96,"width":96}},"publisher":{"@type":"Organization","name":"castoral.cz","logo":{"@type":"ImageObject","@id":"\/logo.png","url":"\/logo.png","width":600,"height":60}},"url":"https:\/\/www.castoral.cz\/k-mori-za-dostupnou-cenu\/","wordCount":243,"articleBody":"Co si budeme pov\u00eddat. Navzdory faktu, \u017ee dnes jsou otev\u0159en\u00e9 hranice a lid\u00e9 mohou cestovat kam a kdy cht\u011bj\u00ed, \u0159ada lid\u00ed t\u00e9to mo\u017enosti p\u0159\u00edli\u0161 nevyu\u017e\u00edv\u00e1. V neposledn\u00ed \u0159ad\u011b je to i kv\u016fli n\u00e1klad\u016fm, kter\u00e9 s takov\u00fdm cestov\u00e1n\u00edm jsou nutn\u011b spojen\u00e9. Proto je i dnes cel\u00e1 \u0159ada d\u011bt\u00ed, kter\u00e9 je\u0161t\u011b nebyly u mo\u0159e, p\u0159itom jim je ji\u017e mnohdy i v\u00edce ne\u017e deset let. Dop\u0159ejte sv\u00fdm d\u011btem i Vy pobyt u zdrav\u00e9ho mo\u0159sk\u00e9ho vzduchu, dop\u0159ejte jim z\u00e1\u017eitek, na kter\u00fd nikdy nezapomenou. Dop\u0159ejte jim i Vy pobyt, kter\u00fd jim prosp\u011bje a p\u0159itom nebude tak drah\u00fd, aby na n\u011bj V\u00e1\u0161 rozpo\u010det nedos\u00e1hl. Mo\u017enosti tu jsou Dobrou volbou pro ty, kdo necht\u011bj\u00ed v\u00edce ne\u017e je nutn\u00e9, jsou rozli\u010dn\u00e9 autokempy \u010di pron\u00e1jmy apartm\u00e1n\u016f, kde si lid\u00e9 sami va\u0159\u00ed. Z\u00e1kladn\u00ed potraviny m\u016f\u017eete p\u0159iv\u00e9zt s sebou a pak ji\u017e na m\u00edst\u011b p\u0159ipravit, co budete cht\u00edt. Takov\u00e9 mo\u017enosti ubytov\u00e1n\u00ed Chorvatsko zaji\u0161\u0165uje pr\u00e1v\u011b na\u0161e cestovn\u00ed agentura. Autokemp Je\u017eevac je perfektn\u00edm m\u00edstem, kde se snoub\u00ed maxim\u00e1ln\u00ed komfort a vybaven\u00ed, p\u0159itom za ceny, kter\u00e9 jsou dostupn\u00e9 v\u0161em. Doje\u010fte a\u017e k n\u00e1m sv\u00fdm vozem, zde si m\u016f\u017eete pronajmout karavan \u010di stan s modern\u011b vybavenou kuchy\u0148kou.                                                                                                                                                                                                                                                                                                                                                                                                "},{"@context":"https:\/\/schema.org\/","@type":"BreadcrumbList","itemListElement":[{"@type":"ListItem","position":1,"name":"K mo\u0159i za dostupnou cenu","item":"https:\/\/www.castoral.cz\/k-mori-za-dostupnou-cenu\/#breadcrumbitem"}]}]