[{"@context":"https:\/\/schema.org\/","@type":"Article","@id":"https:\/\/www.castoral.cz\/cesta-do-maroka\/#Article","mainEntityOfPage":"https:\/\/www.castoral.cz\/cesta-do-maroka\/","headline":"Cesta do Maroka","name":"Cesta do Maroka","description":"M\u00e1lokdo si v\u0161imne, \u017ee Marock\u00e9 kr\u00e1lovstv\u00ed znamen\u00e1 v p\u0159ekladu Z\u00e1pad. Kter\u00fdm je ur\u010dena nejen jeho poloha na africk\u00e9m kontinentu, ale i jeho rozvoj.\u00a0Hlavn\u00edm m\u011bstem je Rabat, na jeho\u017e prohl\u00eddku je pot\u0159eba si vymezit minim\u00e1ln\u011b cel\u00fd den. Pam\u00e1tek z d\u00e1vn\u00e9 historie je v n\u011bm k vid\u011bn\u00ed opravdu dost. T\u00edm, \u017ee je tato krajina um\u00edst\u011bna mezi\u00a0St\u0159edn\u00ed a...","datePublished":"2022-10-22","dateModified":"2023-04-26","author":{"@type":"Person","@id":"https:\/\/www.castoral.cz\/author\/devene\/#Person","name":"devene","url":"https:\/\/www.castoral.cz\/author\/devene\/","identifier":1,"image":{"@type":"ImageObject","@id":"https:\/\/secure.gravatar.com\/avatar\/42264ea8f5170010011c6bbf811aa6c31c20ad3acf2a9bd21dca0746ea8c832a?s=96&d=mm&r=g","url":"https:\/\/secure.gravatar.com\/avatar\/42264ea8f5170010011c6bbf811aa6c31c20ad3acf2a9bd21dca0746ea8c832a?s=96&d=mm&r=g","height":96,"width":96}},"publisher":{"@type":"Organization","name":"castoral.cz","logo":{"@type":"ImageObject","@id":"\/logo.png","url":"\/logo.png","width":600,"height":60}},"image":{"@type":"ImageObject","@id":"https:\/\/www.castoral.cz\/wp-content\/uploads\/holidays-1283014_960_720_2.jpg","url":"https:\/\/www.castoral.cz\/wp-content\/uploads\/holidays-1283014_960_720_2.jpg","height":0,"width":0},"url":"https:\/\/www.castoral.cz\/cesta-do-maroka\/","about":["Cestov\u00e1n\u00ed"],"wordCount":460,"articleBody":"M\u00e1lokdo si v\u0161imne, \u017ee Marock\u00e9 kr\u00e1lovstv\u00ed znamen\u00e1 v p\u0159ekladu Z\u00e1pad. Kter\u00fdm je ur\u010dena nejen jeho poloha na africk\u00e9m kontinentu, ale i jeho rozvoj.\u00a0Hlavn\u00edm m\u011bstem je Rabat, na jeho\u017e prohl\u00eddku je pot\u0159eba si vymezit minim\u00e1ln\u011b cel\u00fd den. Pam\u00e1tek z d\u00e1vn\u00e9 historie je v n\u011bm k vid\u011bn\u00ed opravdu dost. T\u00edm, \u017ee je tato krajina um\u00edst\u011bna mezi\u00a0St\u0159edn\u00ed a Vysok\u00fd Atlas, podneb\u00ed je v tomto\u00a0klimatick\u00e9m rozhran\u00ed rozd\u00edln\u00e9. A nem\u00e9n\u011b je ovlivn\u011bno Saharou z jedn\u00e9 strany a Atlantick\u00fdm oce\u00e1nem z druh\u00e9. Kter\u00fd\u00a0m\u00e1 pr\u016fm\u011brnou nadmo\u0159skou v\u00fd\u0161ku okolo osmi set\u00a0m.n.m.. Do tohoto\u00a0oce\u00e1nu rovn\u011b\u017e \u00fast\u00ed v\u011bt\u0161ina \u0159ek.Mezi ty nejv\u011bt\u0161\u00ed pat\u0159\u00ed\u00a0Sebou, Oum Er Rbia \u010di \u00a0Sous. Jezera v t\u00e9to zemi nenaleznete. V\u00fdjimkou je Lac d\u013afni, pono\u0159en\u00e9m ve Vysok\u00e9m Atlasu. \u00da\u0159edn\u00edm jazykem Marock\u00e9ho kr\u00e1lovstv\u00ed je arab\u0161tina a berber\u0161tina. Ale na mnoha m\u00edstech se u\u017e turist\u00e9 domluv\u00ed i anglicky. St\u00e1tn\u00edm n\u00e1bo\u017eenstv\u00edm je v devades\u00e1ti dev\u00edti procentech sunitsk\u00fd isl\u00e1m. K\u0159es\u0165an\u00e9 a \u017did\u00e9 tvo\u0159i jedno procento v zemi, ve kter\u00e9\u00a0dneska \u017eije t\u0159icet \u0161est milion\u016f obyvatel.\u00a0Na cestovatele \u010dek\u00e1 v Maroku nespo\u010det turistick\u00fdch tras. Kter\u00e9 jsou sch\u016fdn\u00e9 v jak\u00e9mkoliv ro\u010dn\u00edm obdob\u00ed. Hojn\u011b nav\u0161t\u011bvov\u00e1na je t\u011bmi zdatn\u011bj\u0161\u00edmi nejvy\u0161\u0161\u00ed hora Jebel Toubkal.Cestou na vrchol jsou k vid\u011bn\u00ed mohutn\u00e9 vodop\u00e1dy, vesni\u010dky, ve kter\u00fdch \u017eij\u00ed berber\u0161t\u00ed domorodci\u00a0a v\u00a0\u00fadol\u00edch velk\u00e9 mno\u017estv\u00ed ovocn\u00fdch sad\u016f. S gran\u00e1tov\u00fdmi jabl\u00ed\u010dky, f\u00edky a meru\u0148kami. Sahara je dal\u0161\u00edm m\u00edstem, kter\u00e9 p\u0159i sv\u00fdch cest\u00e1ch po Maroku nelze vynechat. Tato kr\u00e1lovna pou\u0161t\u00ed nab\u00edz\u00ed pohled na nekone\u010dn\u00e9 p\u00edse\u010dn\u00e9 duny, po kter\u00fdch putuj\u00ed karavany velbloud\u016f, s turisty na z\u00e1dech. A pokud se poda\u0159\u00ed za\u017e\u00edt v t\u011bchto m\u00edstech z\u00e1pad slunce s nastupuj\u00edc\u00ed temnou noc\u00ed, nabudete dojem, \u017ee hv\u011bzdy jsou tak bl\u00edzko, \u017ee sta\u010d\u00ed jenom nat\u00e1hnout ruku. Krom\u011b Rabatu za prohl\u00eddku stoj\u00ed i Casablanca s me\u0161itou Hassana II. a dv\u011bst\u011bmetrov\u00fdm minaretem. Milovn\u00edci dobr\u00e9ho j\u00eddla budou v t\u00e9to zemi j\u00e1sat. A to nejen v hotelov\u00fdch restaurac\u00edch. Dob\u0159e se naj\u00edst je mo\u017en\u00e9 i v pouli\u010dn\u00edch st\u00e1nc\u00edch. Levn\u011b, ko\u0159en\u011bn\u011b\u00a0a hlavn\u011b z \u010derstv\u00fdch surovin. M\u00edstn\u00ed hust\u00e9 d\u017eusy z avok\u00e1da \u010di manga tak mnohdy nahrad\u00ed i cel\u00fd ob\u011bd.\u00a0                                                                                                                                                                                                                                                                                                                                                                                        4.2\/5 - (9 votes)        "},{"@context":"https:\/\/schema.org\/","@type":"BreadcrumbList","itemListElement":[{"@type":"ListItem","position":1,"name":"Cesta do Maroka","item":"https:\/\/www.castoral.cz\/cesta-do-maroka\/#breadcrumbitem"}]}]