[{"@context":"https:\/\/schema.org\/","@type":"Article","@id":"https:\/\/www.castoral.cz\/alkoholismus-na-rande\/#Article","mainEntityOfPage":"https:\/\/www.castoral.cz\/alkoholismus-na-rande\/","headline":"Alkoholismus na rande","name":"Alkoholismus na rande","description":"S mu\u017ei je to n\u011bkdy opravdu hodn\u011b slo\u017eit\u00e9 a n\u011bkdy se v\u016fbec n\u011bkdo v mu\u017e\u00edch nevyzn\u00e1. J\u00e1 v\u00edm, \u017ee se to \u0159\u00edk\u00e1 o \u017een\u00e1ch, \u017ee se mnoho lid\u00ed v \u017een\u00e1ch nevyzn\u00e1. Tohle \u0159\u00edkaj\u00ed hlavn\u011b p\u00e1nov\u00e9, \u017ee se v \u017een\u00e1ch v\u016fbec nevyznaj\u00ed. Ale mysl\u00edte si, \u017ee tohle je pravda, \u017ee tohle m\u00e1 n\u011bjak\u00fd re\u00e1ln\u00fd podklad? Podle...","datePublished":"2024-10-31","dateModified":"2024-10-31","author":{"@type":"Person","@id":"https:\/\/www.castoral.cz\/author\/devene\/#Person","name":"devene","url":"https:\/\/www.castoral.cz\/author\/devene\/","identifier":1,"image":{"@type":"ImageObject","@id":"https:\/\/secure.gravatar.com\/avatar\/42264ea8f5170010011c6bbf811aa6c31c20ad3acf2a9bd21dca0746ea8c832a?s=96&d=mm&r=g","url":"https:\/\/secure.gravatar.com\/avatar\/42264ea8f5170010011c6bbf811aa6c31c20ad3acf2a9bd21dca0746ea8c832a?s=96&d=mm&r=g","height":96,"width":96}},"publisher":{"@type":"Organization","name":"castoral.cz","logo":{"@type":"ImageObject","@id":"\/logo.png","url":"\/logo.png","width":600,"height":60}},"image":{"@type":"ImageObject","@id":"https:\/\/www.castoral.cz\/wp-content\/uploads\/beauty-salon-2521943_1280.jpg","url":"https:\/\/www.castoral.cz\/wp-content\/uploads\/beauty-salon-2521943_1280.jpg","height":0,"width":0},"url":"https:\/\/www.castoral.cz\/alkoholismus-na-rande\/","about":["Mu\u017ei"],"wordCount":466,"articleBody":"S mu\u017ei je to n\u011bkdy opravdu hodn\u011b slo\u017eit\u00e9 a n\u011bkdy se v\u016fbec n\u011bkdo v mu\u017e\u00edch nevyzn\u00e1. J\u00e1 v\u00edm, \u017ee se to \u0159\u00edk\u00e1 o \u017een\u00e1ch, \u017ee se mnoho lid\u00ed v \u017een\u00e1ch nevyzn\u00e1. Tohle \u0159\u00edkaj\u00ed hlavn\u011b p\u00e1nov\u00e9, \u017ee se v \u017een\u00e1ch v\u016fbec nevyznaj\u00ed. Ale mysl\u00edte si, \u017ee tohle je pravda, \u017ee tohle m\u00e1 n\u011bjak\u00fd re\u00e1ln\u00fd podklad? Podle m\u00e9ho n\u00e1zoru rozhodn\u011b ne. Proto jsem si \u0159ekla, \u017ee nejlep\u0161\u00ed by bylo, kdyby t\u0159eba byla n\u011bjak\u00e1 p\u0159\u00edru\u010dka, kde se p\u00ed\u0161e o mu\u017e\u00edch. Klidn\u011b i n\u011bjak\u00e1 p\u0159\u00edru\u010dka, kde se p\u00ed\u0161e o \u017een\u00e1ch, proto\u017ee i \u017eeny jsou n\u011bkdy opravdu hodn\u011b slo\u017eit\u00e9 a n\u00e1ro\u010dn\u00e9. Dozv\u011bd\u011bla jsem se, \u017ee hlavn\u011b vysoko\u0161kolsky vzd\u011blan\u00ed lid\u00e9, a\u0165 u\u017e \u017eeny nebo i mu\u017ei, tak ti b\u00fdvaj\u00ed opravdu hodn\u011b n\u00e1ro\u010dn\u00ed anebo slo\u017eit\u00ed na p\u0159e\u010dten\u00ed sv\u00e9ho t\u011bla, na p\u0159e\u010dten\u00ed sv\u00e9 povahy.Tak\u00e9 jsem se dozv\u011bd\u011bla, \u017ee t\u0159eba kdy\u017e se lidem chcete d\u00edvat do o\u010d\u00ed t\u0159i\u00a0sekundy, tak to znamen\u00e1, \u017ee vlastn\u011b d toho \u010dlov\u011bka m\u00e1te z\u00e1jem. D\u00edval se t\u0159eba n\u011bkdy mu\u017e na v\u00e1s d\u00e9le ne\u017e t\u0159i\u00a0sekundy? Pokud ano, tak vlastn\u011b m\u00e1te vyhr\u00e1no. Mn\u011b se tohle stalo u\u017e n\u011bkolikr\u00e1t, akor\u00e1t to bylo \u00fapln\u011b takov\u00e9 divn\u00e9, proto\u017ee jsem zrovna o\u00a0toho mu\u017ee nem\u011bla v\u016fbec \u017e\u00e1dn\u00fd z\u00e1jem. Ten mu\u017e mi byl \u00fapln\u011b nesympatick\u00fd a tak\u00e9 mi vadilo, \u017ee z n\u011bj t\u00e1hlo pivo. Nech\u00e1pu, pro\u010d mu\u017ei v\u017edycky mus\u00ed p\u00edt pivo, kdy\u017e n\u011bkam jdou. J\u00e1 jsem si dala norm\u00e1ln\u011b d\u017eus a potom jsem si dala k\u00e1vu. Vlastn\u011b jsem je\u0161t\u011b nezm\u00ednila, \u017ee to bylo takov\u00e9 mal\u00e9 rande a m\u016fj par\u0165\u00e1k, m\u016fj mu\u017e, kter\u00e9ho jsem si na\u0161la na seznamce, tak si dal u\u017e asi p\u00e1t\u00e9\u00a0pivo a potom u\u017e to z n\u011bj t\u00e1hlo. A byl docela takov\u00fd opil\u00fd. V\u00e1\u017en\u011b divn\u011b se sm\u00e1l a mn\u011b tohle p\u0159i\u0161lo takov\u00e9 nesympatick\u00e9 a divn\u00e9. Kdy\u017e se mu\u017e opije\u00a0takhle ihned na prvn\u00edm\u00a0rande, tak co potom bude d\u011blat t\u0159eba za p\u016fl roku? To z n\u011bj bude asi velk\u00fd alkoholik. \u0160koda, \u017ee alkoholismus nezm\u00ednil i na sv\u00e9 webov\u00e9 str\u00e1nce. Proto\u017ee kdyby napsal, \u017ee m\u00e1 r\u00e1d pivo a \u017ee holduje alkoholu, tak bych mu asi v\u016fbec nikdy ani neodepsala. Jenom\u017ee tohle \u010dlov\u011bk nem\u016f\u017ee v\u016fbec dop\u0159edu v\u011bd\u011bt. A tohle je podle m\u00e9ho n\u00e1zoru opravdu velik\u00e1 \u0161koda.\u00a0                                                                                                                                                                                                                                                                                                                                                                                        4.7\/5 - (7 votes)        "},{"@context":"https:\/\/schema.org\/","@type":"BreadcrumbList","itemListElement":[{"@type":"ListItem","position":1,"name":"Alkoholismus na rande","item":"https:\/\/www.castoral.cz\/alkoholismus-na-rande\/#breadcrumbitem"}]}]